[{"@context":"https:\/\/schema.org\/","@type":"Article","@id":"https:\/\/www.nwdc.cz\/jak-se-oblekat\/#Article","mainEntityOfPage":"https:\/\/www.nwdc.cz\/jak-se-oblekat\/","headline":"Jak se obl\u00e9kat?","name":"Jak se obl\u00e9kat?","description":"Lid\u00e9 maj\u00ed velk\u00e9 probl\u00e9my s t\u00edm, co si na sebe obl\u00e9ct. Tyto probl\u00e9my ale zasahuj\u00ed p\u0159ev\u00e1\u017en\u011b \u017eeny, o tom \u017e\u00e1dn\u00e1. Ale i mu\u017ei jsou samoz\u0159ejm\u011b ti, kte\u0159\u00ed maj\u00ed probl\u00e9my s obl\u00e9k\u00e1n\u00edm, proto\u017ee ka\u017ed\u00fd m\u00e1 n\u011bkdy pocit, \u017ee si na sebe nem\u00e1 zkr\u00e1tka co obl\u00e9ct, a nebo nev\u00ed, co si na sebe v dan\u00fd den obl\u00e9ct....","datePublished":"2022-11-20","dateModified":"2022-11-20","author":{"@type":"Person","@id":"https:\/\/www.nwdc.cz\/author\/devene\/#Person","name":"devene","url":"https:\/\/www.nwdc.cz\/author\/devene\/","identifier":1,"image":{"@type":"ImageObject","@id":"https:\/\/secure.gravatar.com\/avatar\/c4e504508c75b610a351629e223ddd0c5b7858df84b2b7deedc4e007bdf99fc8?s=96&d=mm&r=g","url":"https:\/\/secure.gravatar.com\/avatar\/c4e504508c75b610a351629e223ddd0c5b7858df84b2b7deedc4e007bdf99fc8?s=96&d=mm&r=g","height":96,"width":96}},"publisher":{"@type":"Organization","name":"nwdc.cz","logo":{"@type":"ImageObject","@id":"\/logo.png","url":"\/logo.png","width":600,"height":60}},"image":{"@type":"ImageObject","@id":"https:\/\/www.nwdc.cz\/wp-content\/uploads\/job-interview-g817b541a0_640.jpg","url":"https:\/\/www.nwdc.cz\/wp-content\/uploads\/job-interview-g817b541a0_640.jpg","height":0,"width":0},"url":"https:\/\/www.nwdc.cz\/jak-se-oblekat\/","about":["Nakupov\u00e1n\u00ed"],"wordCount":460,"articleBody":"   Lid\u00e9 maj\u00ed velk\u00e9 probl\u00e9my s t\u00edm, co si na sebe obl\u00e9ct. Tyto probl\u00e9my ale zasahuj\u00ed p\u0159ev\u00e1\u017en\u011b \u017eeny, o tom \u017e\u00e1dn\u00e1. Ale i mu\u017ei jsou samoz\u0159ejm\u011b ti, kte\u0159\u00ed maj\u00ed probl\u00e9my s obl\u00e9k\u00e1n\u00edm, proto\u017ee ka\u017ed\u00fd m\u00e1 n\u011bkdy pocit, \u017ee si na sebe nem\u00e1 zkr\u00e1tka co obl\u00e9ct, a nebo nev\u00ed, co si na sebe v dan\u00fd den obl\u00e9ct. Hodn\u011b lid\u00ed nos\u00ed po\u0159\u00e1d to sam\u00e9, co\u017e rozhodn\u011b nen\u00ed nic \u0161patn\u00e9ho. Nejlep\u0161\u00ed je samoz\u0159ejm\u011b nosit to, co se n\u00e1m samotn\u00fdm l\u00edb\u00ed a pokud se n\u00e1m l\u00edb\u00ed jen ur\u010dit\u00fd po\u010det kousk\u016f v na\u0161\u00ed sk\u0159\u00edni, pro\u010d to nenosit, \u017ee jo. Je to norm\u00e1ln\u00ed, \u017ee \u010dlov\u011bk nos\u00ed po\u0159\u00e1d jen to, co chce a v \u010dem mu je dob\u0159e. Tak to b\u00fdv\u00e1 a lid\u00e9 zkr\u00e1tka stejn\u011b nos\u00ed jen to, v \u010dem jim je dob\u0159e. N\u011bkdo nos\u00ed nap\u0159\u00edklad voln\u00e9 v\u011bci, proto\u017ee se v nich c\u00edt\u00ed dob\u0159e, nap\u0159\u00edklad mu\u017esk\u00e9 voln\u00e9 \u0161ortky C-store.cz, nebo u \u017een n\u011bjak\u00e9 voln\u00e9 tepl\u00e1ky a podobn\u011b, jen\u017ee to se do spole\u010dnosti nehod\u00ed a kdy\u017e jdeme do pr\u00e1ce, nut\u00ed n\u00e1s to si na sebe vz\u00edt to, co o\u010dek\u00e1vaj\u00ed lid\u00e9 kolem n\u00e1s. Pokud m\u00e1me n\u011bjakou lep\u0161\u00ed pr\u00e1ci, je asi lep\u0161\u00ed se obl\u00e9ct n\u011bjak v\u00edce slu\u0161n\u011b, proto\u017ee \u010dlov\u011bk reprezentuje firmu, ve kter\u00e9 je zam\u011bstn\u00e1n, obzvl\u00e1\u0161\u0165 pokud se jedn\u00e1 o n\u011bkoho, kdo hovo\u0159\u00ed s ostatn\u00edmi lidmi mimo firmu ve svou pracovn\u00ed dobu. V takov\u00e9mto p\u0159\u00edpad\u011b je dobr\u00e9 se obl\u00e9ct tak, aby \u010dlov\u011bk p\u016fsobil form\u00e1ln\u011b, upraven\u011b a \u010dist\u011b, aby ud\u011blal dobr\u00e9 jm\u00e9no firmy. Pokud toti\u017e p\u0159ijde n\u011bkdo v tepl\u00e1c\u00edch, asi to moc dob\u0159e p\u016fsobit nebude. Nav\u00edc kdyby byl ten druh\u00fd oble\u010den l\u00e9pe jak vy, nebylo by to moc fajn.M\u00edt na sob\u011b to, co chceme jde jen doma, pokud r\u00e1di nenos\u00edme upnut\u00e9 d\u017e\u00edny a ko\u0161ili, samoz\u0159ejm\u011b. Jsou ale i lid\u00e9, kte\u0159\u00ed toto r\u00e1di nos\u00ed, a ty lidi samoz\u0159ejm\u011b obdivujeme. Doma si na sebe \u010dlov\u011bk na\u0161t\u011bst\u00ed m\u016f\u017ee vz\u00edt cokoliv, i pytel do ko\u0161e a nikomu to vadit nebude, pokud nem\u00e1 zrovna p\u0159ij\u00edt n\u00e1v\u0161t\u011bva. Doma se c\u00edt\u00edme nejl\u00edp, a to mo\u017en\u00e1 asi pr\u00e1v\u011b proto, \u017ee na sob\u011b m\u016f\u017eeme m\u00edt to nejoby\u010dejn\u011bj\u0161\u00ed oble\u010den\u00ed a nemus\u00edme se neust\u00e1le kontrolovat, jak vlastn\u011b vypad\u00e1me a jak zrovna mluv\u00edme.                                                                                                                                                                                                                                                                                                                                                                                          4.4\/5 - (9 votes)        "},{"@context":"https:\/\/schema.org\/","@type":"BreadcrumbList","itemListElement":[{"@type":"ListItem","position":1,"name":"Jak se obl\u00e9kat?","item":"https:\/\/www.nwdc.cz\/jak-se-oblekat\/#breadcrumbitem"}]}]