[{"@context":"https:\/\/schema.org\/","@type":"Article","@id":"https:\/\/www.nwdc.cz\/muz-versus-zena\/#Article","mainEntityOfPage":"https:\/\/www.nwdc.cz\/muz-versus-zena\/","headline":"Mu\u017e versus \u017eena","name":"Mu\u017e versus \u017eena","description":"P\u0159em\u00fd\u0161leli jste n\u011bkdy, jestli to mu\u017ei v \u017eivot\u011b maj\u00ed slo\u017eit\u011bj\u0161\u00ed a n\u00e1ro\u010dn\u011bj\u0161\u00ed ne\u017e my \u017eeny? V\u011b\u0159te, \u017ee j\u00e1 u\u017e jsem nad t\u00edm kolikr\u00e1t p\u0159em\u00fd\u0161lela. A dokonce s m\u00fdm bratrem a tak\u00e9 jsme to je\u0161t\u011b diskutovali s m\u00fdm partnerem. A v\u011b\u0159te nebo ne, ale m\u016fj partner je m\u016fj bratr. \u0158ekli, \u017ee pr\u00fd my \u017eeny to v...","datePublished":"2024-04-29","dateModified":"2024-04-29","author":{"@type":"Person","@id":"https:\/\/www.nwdc.cz\/author\/devene\/#Person","name":"devene","url":"https:\/\/www.nwdc.cz\/author\/devene\/","identifier":1,"image":{"@type":"ImageObject","@id":"https:\/\/secure.gravatar.com\/avatar\/c4e504508c75b610a351629e223ddd0c5b7858df84b2b7deedc4e007bdf99fc8?s=96&d=mm&r=g","url":"https:\/\/secure.gravatar.com\/avatar\/c4e504508c75b610a351629e223ddd0c5b7858df84b2b7deedc4e007bdf99fc8?s=96&d=mm&r=g","height":96,"width":96}},"publisher":{"@type":"Organization","name":"nwdc.cz","logo":{"@type":"ImageObject","@id":"\/logo.png","url":"\/logo.png","width":600,"height":60}},"image":{"@type":"ImageObject","@id":"https:\/\/www.nwdc.cz\/wp-content\/uploads\/workers-7571844_960_720.jpg","url":"https:\/\/www.nwdc.cz\/wp-content\/uploads\/workers-7571844_960_720.jpg","height":0,"width":0},"url":"https:\/\/www.nwdc.cz\/muz-versus-zena\/","about":["Mu\u017ei"],"wordCount":453,"articleBody":"P\u0159em\u00fd\u0161leli jste n\u011bkdy, jestli to mu\u017ei v \u017eivot\u011b maj\u00ed slo\u017eit\u011bj\u0161\u00ed a n\u00e1ro\u010dn\u011bj\u0161\u00ed ne\u017e my \u017eeny? V\u011b\u0159te, \u017ee j\u00e1 u\u017e jsem nad t\u00edm kolikr\u00e1t p\u0159em\u00fd\u0161lela. A dokonce s m\u00fdm bratrem a tak\u00e9 jsme to je\u0161t\u011b diskutovali s m\u00fdm partnerem. A v\u011b\u0159te nebo ne, ale m\u016fj partner je m\u016fj bratr. \u0158ekli, \u017ee pr\u00fd my \u017eeny to v \u017eivot\u011b m\u00e1me jednodu\u0161\u0161\u00ed. Musela jsem se na n\u011b d\u00edvat opravdu jako n\u011bjak\u00fd pavouk. Jako n\u011bjak\u00fd zloduch, proto\u017ee jsem nemohla uv\u011b\u0159it, \u017ee tohle v\u016fbec mohou \u0159\u00edct. Ti mlad\u00ed p\u00e1nov\u00e9 si ani neuv\u011bdomovali, co to znamen\u00e1, kdy\u017e \u017eena mus\u00ed rodit anebo kdy\u017e jsem t\u0159eba j\u00e1 rodila dvoj\u010data, co v\u0161echno jsem si musela pro\u017e\u00edt?Rodila jsem t\u00e9m\u011b\u0159 t\u0159i dny. Sice m\u016fj partner ke mn\u011b \u010dasto chodil, ale on si v\u017edycky mohl kr\u00e1sn\u011b prospat, vyspat se a potom ode\u0161el do pr\u00e1ce. To j\u00e1 jsem se musela starat o 2 mal\u00e9 d\u011bti. Ne nest\u011b\u017euji si jsem r\u00e1da za sv\u00e9 d\u011bti a nikdy bych nic to nevym\u011bnila. Nevym\u011bnila bych je za nic jin\u00e9ho. Ale mrz\u00ed m\u011b, \u017ee p\u00e1nov\u00e9 v\u017edycky takhle ute\u010dou. Oni v\u017edycky \u0159\u00edkaj\u00ed, \u017ee oni chod\u00ed do pr\u00e1ce a \u017ee u\u017e nemaj\u00ed pr\u00e1vo anebo povinnost se starat o sv\u00e9 d\u011bti. \u017de pr\u00fd p\u0159ijdou z pr\u00e1ce, daj\u00ed pen\u00edze, man\u017eelce anebo sv\u00e9 \u017een\u011b a potom u\u017e cht\u011bj\u00ed m\u00edt klid. Jen\u017ee vysv\u011btlete to n\u011bkdy d\u011btem, kter\u00e9 se do\u017eaduj\u00ed pr\u00e1v\u011b tak\u00e9 p\u0159\u00edtomnosti a pozornosti sv\u00e9ho otce.Je velice smutn\u00e9 potom, kdy\u017e otec sv\u00e9 d\u011bti n\u011bkam odsune anebo jim \u0159ekne, a\u0165 si jdou hr\u00e1t za m\u00e1mou. A\u0165 ho nechaj\u00ed na pokoji. V\u011b\u0159te, \u017ee tohle jsem za\u017eila dvakr\u00e1t a mus\u00edm uznat, \u017ee kdyby se to stalo je\u0161t\u011b n\u011bkolikr\u00e1t, \u017ee bych se se sv\u00fdm partnerem roze\u0161la. V\u00edm, \u017ee bych sv\u00fdm d\u011btem vzala otce. Ale kdyby se takhle otec sv\u00fdm d\u011btem choval, tak vlastn\u011b by to ani nebyl otec. Byl by to skoro jako ciz\u00ed \u010dlov\u011bk a mysl\u00edm si, \u017ee ani ciz\u00ed \u010dlov\u011bk by se takhle k mal\u00fdm dv\u011bma d\u011btem v\u016fbec nikdy nechoval. A tak\u00e9 jsem bratrovi a partnerovi \u0159ekla, \u017ee by si m\u011bli uv\u011bdomit, co my \u017eeny v\u0161echno zvl\u00e1d\u00e1me, \u017ee mu\u017ei to nemaj\u00ed v \u017eivot\u011b tak moc slo\u017eit\u00e9 jako my \u017eeny. I kdy\u017e samoz\u0159ejm\u011b i v\u00fdjimky existuj\u00ed.\u00a0                                                                                                                                                                                                                                                                                                                                                                                        4.2\/5 - (9 votes)        "},{"@context":"https:\/\/schema.org\/","@type":"BreadcrumbList","itemListElement":[{"@type":"ListItem","position":1,"name":"Mu\u017e versus \u017eena","item":"https:\/\/www.nwdc.cz\/muz-versus-zena\/#breadcrumbitem"}]}]