[{"@context":"https:\/\/schema.org\/","@type":"Article","@id":"https:\/\/www.nwdc.cz\/planujete-se-stehovat\/#Article","mainEntityOfPage":"https:\/\/www.nwdc.cz\/planujete-se-stehovat\/","headline":"Pl\u00e1nujete se st\u011bhovat?","name":"Pl\u00e1nujete se st\u011bhovat?","description":"St\u011bhov\u00e1n\u00ed potk\u00e1 ka\u017ed\u00e9ho minim\u00e1ln\u011b jednou za \u017eivot, proto\u017ee se ka\u017ed\u00fd mus\u00ed, nebo by alespo\u0148 m\u011bl, odst\u011bhovat od rodi\u010d\u016f, je to takov\u00e1 slu\u0161nost ne\u017e tam otravovat cel\u00fd \u017eivot. N\u011bkte\u0159\u00ed to ale i p\u0159esto d\u011blaj\u00ed, to je ale \u00fapln\u011b jin\u00e9 t\u00e9ma. Prvn\u00ed st\u011bhov\u00e1n\u00ed tedy za\u010d\u00edn\u00e1 n\u011bkdy na pomez\u00ed dosp\u011blosti a d\u011btstv\u00ed, proto\u017ee i kdy\u017e se \u010dlov\u011bk odst\u011bhuje...","datePublished":"2023-05-26","dateModified":"2023-05-30","author":{"@type":"Person","@id":"https:\/\/www.nwdc.cz\/author\/devene\/#Person","name":"devene","url":"https:\/\/www.nwdc.cz\/author\/devene\/","identifier":1,"image":{"@type":"ImageObject","@id":"https:\/\/secure.gravatar.com\/avatar\/c4e504508c75b610a351629e223ddd0c5b7858df84b2b7deedc4e007bdf99fc8?s=96&d=mm&r=g","url":"https:\/\/secure.gravatar.com\/avatar\/c4e504508c75b610a351629e223ddd0c5b7858df84b2b7deedc4e007bdf99fc8?s=96&d=mm&r=g","height":96,"width":96}},"publisher":{"@type":"Organization","name":"nwdc.cz","logo":{"@type":"ImageObject","@id":"\/logo.png","url":"\/logo.png","width":600,"height":60}},"image":{"@type":"ImageObject","@id":"https:\/\/www.nwdc.cz\/wp-content\/uploads\/chair-2591817_640.jpg","url":"https:\/\/www.nwdc.cz\/wp-content\/uploads\/chair-2591817_640.jpg","height":0,"width":0},"url":"https:\/\/www.nwdc.cz\/planujete-se-stehovat\/","about":["Firmy"],"wordCount":489,"articleBody":"   St\u011bhov\u00e1n\u00ed potk\u00e1 ka\u017ed\u00e9ho minim\u00e1ln\u011b jednou za \u017eivot, proto\u017ee se ka\u017ed\u00fd mus\u00ed, nebo by alespo\u0148 m\u011bl, odst\u011bhovat od rodi\u010d\u016f, je to takov\u00e1 slu\u0161nost ne\u017e tam otravovat cel\u00fd \u017eivot. N\u011bkte\u0159\u00ed to ale i p\u0159esto d\u011blaj\u00ed, to je ale \u00fapln\u011b jin\u00e9 t\u00e9ma. Prvn\u00ed st\u011bhov\u00e1n\u00ed tedy za\u010d\u00edn\u00e1 n\u011bkdy na pomez\u00ed dosp\u011blosti a d\u011btstv\u00ed, proto\u017ee i kdy\u017e se \u010dlov\u011bk odst\u011bhuje t\u0159eba okolo dvaceti, stejn\u011b i kdy\u017e u\u017e je p\u00e1r let dosp\u011bl\u00fd se c\u00edt\u00ed dosp\u011bl\u00fd pr\u00e1v\u011b a\u017e v tuto chv\u00edli, kdy se odst\u011bhuje a je p\u0159ipraven za\u010d\u00edt \u017eivot na vlastn\u00ed triko. N\u011bkte\u0159\u00ed p\u0159ipraveni nejsou, ale st\u011bhuj\u00ed se a tak n\u011bjak si zvyknou, a\u017e kdy\u017e u\u017e jsou odst\u011bhovan\u00ed. N\u011bkte\u0159\u00ed u\u017e se na st\u011bhov\u00e1n\u00ed t\u011b\u0161\u00ed, proto\u017ee \u017eit\u00ed s rodi\u010di byl pro n\u011b v posledn\u00edch letech sp\u00ed\u0161e teror, jejich svoboda trochu hrani\u010dila s n\u011bjak\u00fdmi z\u00e1sadami rodi\u010d\u016f a poslu\u0161n\u00e9ho chov\u00e1n\u00ed, kter\u00e9 u\u017e nikdo po dvac\u00edtce opravdu dodr\u017eovat nechce, proto se lid\u00e9 tak \u010di tak st\u011bhuj\u00ed, proto\u017ee je to pro n\u011b mnohokr\u00e1t lep\u0161\u00ed a nemus\u00ed zkr\u00e1tka d\u011blat to, co jim n\u011bkdo \u0159ekne a mohou si \u017e\u00edt vlastn\u00edm \u017eivotem. To samoz\u0159ejm\u011b tak\u00e9 \u00fapln\u011b nejde, je t\u0159eba v\u017edy si promyslet, jak dan\u00fd \u010dlov\u011bk za\u010dne nov\u00fd \u017eivot bez rodi\u010d\u016f, aby nespadl n\u011bkam, kam nechce. St\u011bhov\u00e1n\u00ed zas tak t\u011b\u017ek\u00e9 nen\u00ed, pokud vyu\u017eijete slu\u017eby vykl\u00edzen\u00ed nemovitost\u00ed v Praze nebo m\u00e1te kamar\u00e1da, kter\u00fd v\u00e1m se st\u011bhov\u00e1n\u00edm pom\u016f\u017ee. Oboj\u00ed je v\u00fdhoda, bez oboj\u00edho se neobejdete, mus\u00edte si bu\u010f tedy sehnat takov\u00e9ho kamar\u00e1da, nebo vyu\u017e\u00edt pr\u00e1v\u011b slu\u017eeb. Je to d\u016fle\u017eit\u00e9 k tomu, abyste se v\u016fbec odst\u011bhovali a zvl\u00e1dli p\u0159est\u011bhovat v\u0161echny pot\u0159ebn\u00e9 v\u011bci do nov\u00e9ho bydlen\u00ed. N\u011bkter\u00e9 v\u011bci jsou t\u011b\u017ek\u00e9 na p\u0159enesen\u00ed, n\u011bkter\u00e9 jsou lehk\u00e9, to u\u017e v\u0161ichni jist\u011b v\u00edme. Proto je t\u0159eba si zajistit pr\u00e1v\u011b p\u0159evoz t\u011bchto v\u011bc\u00ed, kter\u00e9 sami p\u0159ev\u00e9zt nezvl\u00e1dnete. T\u011b\u017ek\u00e9 v\u011bci s kamar\u00e1dem asi moc nep\u0159enesete, to by musel m\u00edt dod\u00e1vku a pom\u00e1hat by v\u00e1m muselo je\u0161t\u011b v\u00edc lid\u00ed, tak\u017ee je lep\u0161\u00ed volbou sp\u00ed\u0161e slu\u017eba vykl\u00edzen\u00ed objekt\u016f v Praze. Ti v\u00e1m toti\u017e v\u0161e vyklid\u00ed a nemus\u00edte se samoz\u0159ejm\u011b o nic starat. O drobnosti se ale star\u00e1te vy a nezapome\u0148te si v\u0161e ulo\u017eit logicky a tak\u00e9 si vytvo\u0159it t\u0159eba bat\u016f\u017eek s t\u011bmi nejd\u016fle\u017eit\u011bj\u0161\u00edmi v\u011bcmi, kter\u00e9 budete pot\u0159ebovat hned.                                                                                                                                                                                                                                                                                                                                                                                          4.4\/5 - (9 votes)        "},{"@context":"https:\/\/schema.org\/","@type":"BreadcrumbList","itemListElement":[{"@type":"ListItem","position":1,"name":"Pl\u00e1nujete se st\u011bhovat?","item":"https:\/\/www.nwdc.cz\/planujete-se-stehovat\/#breadcrumbitem"}]}]