[{"@context":"https:\/\/schema.org\/","@type":"Article","@id":"https:\/\/www.nwdc.cz\/pozvete-vase-pratele-na-fotografickou-akci-v-prirode\/#Article","mainEntityOfPage":"https:\/\/www.nwdc.cz\/pozvete-vase-pratele-na-fotografickou-akci-v-prirode\/","headline":"Pozv\u011bte va\u0161e p\u0159\u00e1tele na fotografickou akci v p\u0159\u00edrod\u011b","name":"Pozv\u011bte va\u0161e p\u0159\u00e1tele na fotografickou akci v p\u0159\u00edrod\u011b","description":"Jezd\u00edte r\u00e1di do p\u0159\u00edrody a z\u00e1rove\u0148 se v\u011bnujete fotografov\u00e1n\u00ed? Pak byste mohli uspo\u0159\u00e1dat pro va\u0161e p\u0159\u00e1tele akci zam\u011b\u0159enou na fotografick\u00e9 experimenty v p\u0159\u00edrodn\u00edm prost\u0159ed\u00ed. P\u0159\u00edroda je toti\u017e t\u00edm nejzaj\u00edmav\u011bj\u0161\u00edm ter\u00e9nem pro vytv\u00e1\u0159en\u00ed fotografick\u00fdch n\u00e1m\u011bt\u016f, a\u0165 u\u017e se zam\u011b\u0159\u00edte na detail, anebo na panoramatickou fotografii. Jestli\u017ee si zvol\u00edte vhodnou lokalitu, m\u016f\u017eete tu objevit netu\u0161en\u00e9 mo\u017enosti, co\u017e...","datePublished":"2023-02-28","dateModified":"2023-04-25","author":{"@type":"Person","@id":"https:\/\/www.nwdc.cz\/author\/devene\/#Person","name":"devene","url":"https:\/\/www.nwdc.cz\/author\/devene\/","identifier":1,"image":{"@type":"ImageObject","@id":"https:\/\/secure.gravatar.com\/avatar\/c4e504508c75b610a351629e223ddd0c5b7858df84b2b7deedc4e007bdf99fc8?s=96&d=mm&r=g","url":"https:\/\/secure.gravatar.com\/avatar\/c4e504508c75b610a351629e223ddd0c5b7858df84b2b7deedc4e007bdf99fc8?s=96&d=mm&r=g","height":96,"width":96}},"publisher":{"@type":"Organization","name":"nwdc.cz","logo":{"@type":"ImageObject","@id":"\/logo.png","url":"\/logo.png","width":600,"height":60}},"image":{"@type":"ImageObject","@id":"https:\/\/www.nwdc.cz\/wp-content\/uploads\/audi-gf32621b66_640.jpg","url":"https:\/\/www.nwdc.cz\/wp-content\/uploads\/audi-gf32621b66_640.jpg","height":0,"width":0},"url":"https:\/\/www.nwdc.cz\/pozvete-vase-pratele-na-fotografickou-akci-v-prirode\/","about":["Firmy"],"wordCount":407,"articleBody":"          Jezd\u00edte r\u00e1di do p\u0159\u00edrody a z\u00e1rove\u0148 se v\u011bnujete fotografov\u00e1n\u00ed? Pak byste mohli uspo\u0159\u00e1dat pro va\u0161e p\u0159\u00e1tele akci zam\u011b\u0159enou na fotografick\u00e9 experimenty v p\u0159\u00edrodn\u00edm prost\u0159ed\u00ed. P\u0159\u00edroda je toti\u017e t\u00edm nejzaj\u00edmav\u011bj\u0161\u00edm ter\u00e9nem pro vytv\u00e1\u0159en\u00ed fotografick\u00fdch n\u00e1m\u011bt\u016f, a\u0165 u\u017e se zam\u011b\u0159\u00edte na detail, anebo na panoramatickou fotografii. Jestli\u017ee si zvol\u00edte vhodnou lokalitu, m\u016f\u017eete tu objevit netu\u0161en\u00e9 mo\u017enosti, co\u017e je pro fotografy doslova hnac\u00edm motorem.T\u0159ebo\u0148sko \u2013 r\u00e1di bychom v\u00e1m nazna\u010dili, \u017ee pr\u00e1v\u011b zde, na T\u0159ebo\u0148sku, je obrovsk\u00e9 mno\u017estv\u00ed romantick\u00fdch z\u00e1kout\u00ed, kde m\u016f\u017eete sv\u016fj z\u00e1m\u011br bez obav realizovat. Krajina tu byla projektov\u00e1na v obdob\u00ed renesance, kter\u00e1 sem vnesla obrovskou expanzi rozmanit\u00fdch p\u0159\u00edrodn\u00edch kr\u00e1s, a tak se tu ur\u010dit\u011b nebudete nudit. Naleznete tu krom\u011b rybni\u010dn\u00edch hr\u00e1z\u00ed a vodn\u00edch ploch tak\u00e9 vzrostl\u00e9 listnat\u00e9 stromy, jehli\u010dnat\u00e9 lesy, rozlehl\u00e9 louky, vys\u00e1zen\u00e9 okrasn\u00e9 rem\u00edzky, obrovsk\u00e9 mno\u017estv\u00ed lu\u010dn\u00edch kv\u011btin, ptactva a hmyzu a mimo jin\u00e9 i vodn\u00edch \u010di suchozemsk\u00fdch rostlin. Co v\u00e1s tu tak\u00e9 jist\u011b zaujme, je p\u00edsek, kter\u00fd tu prov\u00e1z\u00ed prakticky cel\u00fd horn\u00ed tok \u0159eky Lu\u017enice, a naleznete jej jak na dn\u011b \u0159eky a jej\u00edch b\u0159ez\u00edch, tak i ve form\u011b p\u00edse\u010dn\u00fdch p\u0159esyp\u016f a vyt\u011b\u017een\u00fdch p\u00edse\u010dn\u00fdch jezer.Vyu\u017eijte vozidla z autop\u016fj\u010dovnyCo bychom v\u00e1m mohli doporu\u010dit na z\u00e1v\u011br, je obej\u00edt hromadnou dopravu, i kdy\u017e je tamn\u00ed vlakov\u00e1 tra\u0165 z T\u00e1bora do Vesel\u00ed nad Lu\u017enic\u00ed, T\u0159ebon\u011b a \u010cesk\u00fdch Velenic pom\u011brn\u011b romantick\u00e1, a vyu\u017e\u00edt rad\u011bji pron\u00e1jmu vozidla z autop\u016fj\u010dovny v Praze 9. Budete m\u00edt k dispozici v\u016fz v perfektn\u00edm technick\u00e9m stavu a budete se moci v\u011bnovat sv\u00e9 \u010dinnosti zcela bez obav, ani\u017e byste \u0159e\u0161ili cestou n\u011bjak\u00fd technick\u00fd probl\u00e9m \u010di nedostatek.A co se t\u00fd\u010de ubytov\u00e1n\u00ed, t\u011bchto mo\u017enost\u00ed je na T\u0159ebo\u0148sku cel\u00e1 \u0159ada, ov\u0161em nejl\u00e9pe se asi budete c\u00edtit n\u011bkde na polosamot\u00e1ch, s kr\u00e1sn\u00fdm v\u00fdhledem, a p\u0159edev\u0161\u00edm tam, kde je klid, ticho a absence civiliza\u010dn\u00edch vliv\u016f.                                                                                                                                                                                                                                                                                                                                                                                          4.2\/5 - (8 votes)        "},{"@context":"https:\/\/schema.org\/","@type":"BreadcrumbList","itemListElement":[{"@type":"ListItem","position":1,"name":"Pozv\u011bte va\u0161e p\u0159\u00e1tele na fotografickou akci v p\u0159\u00edrod\u011b","item":"https:\/\/www.nwdc.cz\/pozvete-vase-pratele-na-fotografickou-akci-v-prirode\/#breadcrumbitem"}]}]